{"id":8879,"date":"2026-02-20T07:14:39","date_gmt":"2026-02-20T07:14:39","guid":{"rendered":"https:\/\/www.exitalia.com\/?p=8879"},"modified":"2026-04-30T10:49:15","modified_gmt":"2026-04-30T10:49:15","slug":"comprometidos-con-las-personas-exitalia-apoya-la-nueva-sede-de-amac","status":"publish","type":"post","link":"https:\/\/www.exitalia.com\/en\/2026\/02\/20\/comprometidos-con-las-personas-exitalia-apoya-la-nueva-sede-de-amac\/","title":{"rendered":"Comprometidos con las personas:\u00a0Exitalia\u00a0apoya la nueva sede de AMAC."},"content":{"rendered":"<div data-elementor-type=\"wp-post\" data-elementor-id=\"8879\" class=\"elementor elementor-8879\" data-elementor-post-type=\"post\">\n\t\t\t\t<div class=\"elementor-element elementor-element-19d7b3a3 e-flex e-con-boxed e-con e-parent\" data-id=\"19d7b3a3\" data-element_type=\"container\" data-e-type=\"container\">\n\t\t\t\t\t<div class=\"e-con-inner\">\n\t\t\t\t<div class=\"elementor-element elementor-element-3b64ab9c elementor-widget elementor-widget-text-editor\" data-id=\"3b64ab9c\" data-element_type=\"widget\" data-e-type=\"widget\" data-widget_type=\"text-editor.default\">\n\t\t\t\t<div class=\"elementor-widget-container\">\n\t\t\t\t\t\t\t\t\t\n<p style=\"text-align: justify;\">Las empresas que cuidan tambi\u00e9n transforman. Y esa convicci\u00f3n es la que nos ha llevado desde Exitalia a dar uno de los pasos m\u00e1s bonitos de esta nueva etapa en nuestra estrategia de Responsabilidad Social Corporativa.\u00a0<\/p>\n\n<p style=\"text-align: justify;\">Bajo la\u00a0coordinaci\u00f3n de nuestra compa\u00f1era\u00a0<strong>Paula Pastor<\/strong>, responsable del Departamento para las Personas y Transformaci\u00f3n,\u00a0hemos realizado una donaci\u00f3n de 1.000 \u20ac destinada a apoyar la apertura de la nueva sede de AMAC,\u00a0<strong>Asociaci\u00f3n de Mujeres Afectadas de C\u00e1ncer de Mama y Ginecol\u00f3gico de Albacete.<\/strong>\u00a0<\/p>\n\n<p style=\"text-align: justify;\">Este nuevo espacio permitir\u00e1 ofrecer\u00a0<strong>rehabilitaci\u00f3n integral, asistencia psicol\u00f3gica y talleres de prevenci\u00f3n, reforzando as\u00ed el acompa\u00f1amiento a quienes m\u00e1s lo necesitan.\u00a0<\/strong><\/p>\n<p><img fetchpriority=\"high\" decoding=\"async\" class=\"aligncenter wp-image-8961 size-large\" src=\"https:\/\/www.exitalia.com\/wp-content\/uploads\/2026\/04\/Cheque-de-la-abundancia-simple-rosado-1024x439.jpg\" alt=\"\" width=\"800\" height=\"343\" srcset=\"https:\/\/www.exitalia.com\/wp-content\/uploads\/2026\/04\/Cheque-de-la-abundancia-simple-rosado-1024x439.jpg 1024w, https:\/\/www.exitalia.com\/wp-content\/uploads\/2026\/04\/Cheque-de-la-abundancia-simple-rosado-300x129.jpg 300w, https:\/\/www.exitalia.com\/wp-content\/uploads\/2026\/04\/Cheque-de-la-abundancia-simple-rosado-768x329.jpg 768w, https:\/\/www.exitalia.com\/wp-content\/uploads\/2026\/04\/Cheque-de-la-abundancia-simple-rosado-1536x658.jpg 1536w, https:\/\/www.exitalia.com\/wp-content\/uploads\/2026\/04\/Cheque-de-la-abundancia-simple-rosado-18x8.jpg 18w, https:\/\/www.exitalia.com\/wp-content\/uploads\/2026\/04\/Cheque-de-la-abundancia-simple-rosado.jpg 1920w\" sizes=\"(max-width: 800px) 100vw, 800px\" \/><\/p>\n<p>\u00a0<\/p>\n\t\t\t\t\t\t\t\t<\/div>\n\t\t\t\t<\/div>\n\t\t\t\t\t<\/div>\n\t\t\t\t<\/div>\n\t\t<div class=\"elementor-element elementor-element-3686674 e-flex e-con-boxed e-con e-parent\" data-id=\"3686674\" data-element_type=\"container\" data-e-type=\"container\">\n\t\t\t\t\t<div class=\"e-con-inner\">\n\t\t\t\t<div class=\"elementor-element elementor-element-6fcccbe elementor-widget elementor-widget-text-editor\" data-id=\"6fcccbe\" data-element_type=\"widget\" data-e-type=\"widget\" data-widget_type=\"text-editor.default\">\n\t\t\t\t<div class=\"elementor-widget-container\">\n\t\t\t\t\t\t\t\t\t\n<h3 style=\"text-align: justify;\"><strong>Un encuentro que nos marc\u00f3<\/strong>\u00a0<\/h3>\n\n<p style=\"text-align: justify;\">Recibimos en nuestras instalaciones a Llanos S\u00e1nchez, presidenta de <strong>AMAC<\/strong>,\u00a0su testimonio nos invit\u00f3 a ir m\u00e1s all\u00e1 de lo evidente: a escuchar, a comprender y a acompa\u00f1ar desde lo humano, poniendo en valor la importancia del cuidado en todas sus dimensiones.\u00a0<\/p>\n\n<h3 style=\"text-align: justify;\"><strong>\u00bfPor qu\u00e9 AMAC?<\/strong>\u00a0<\/h3>\n\n<p style=\"text-align: justify;\">Gran parte del equipo de\u00a0Exitalia\u00a0est\u00e1 formado por mujeres, y apoyar a AMAC es apoyar a personas como nuestras compa\u00f1eras, amigas o familiares.\u00a0<\/p>\n\n<p style=\"text-align: justify;\">Adem\u00e1s, entendemos que el bienestar no es ajeno al mundo empresarial. Apostar por la salud, la prevenci\u00f3n y la equidad de oportunidades es tambi\u00e9n invertir en la comunidad que nos sostiene.\u00a0<\/p>\n\n<p style=\"text-align: justify;\">Esta colaboraci\u00f3n refleja nuestra forma de entender la empresa: un espacio donde las personas est\u00e1n en el centro y donde el impacto social forma parte de la estrategia.\u00a0<\/p>\n\n<h3 style=\"text-align: justify;\"><strong>Esto es solo el inicio<\/strong>\u00a0<\/h3>\n\n<p style=\"text-align: justify;\">Esta donaci\u00f3n marca el comienzo de una relaci\u00f3n que queremos construir a largo plazo. En\u00a0Exitalia\u00a0seguimos avanzando hacia un modelo empresarial donde el \u00e9xito solo cobra sentido cuando contribuye activamente al bienestar de las personas.\u00a0<\/p>\n\n<p style=\"text-align: justify;\">Gracias a AMAC por su labor incansable. Y gracias a todas las personas que cada d\u00eda nos recuerdan que prevenir tambi\u00e9n es actuar.\u00a0<\/p>\n\t\t\t\t\t\t\t\t<\/div>\n\t\t\t\t<\/div>\n\t\t\t\t\t<\/div>\n\t\t\t\t<\/div>\n\t\t<div class=\"elementor-element elementor-element-4df4f40 e-flex e-con-boxed e-con e-parent\" data-id=\"4df4f40\" data-element_type=\"container\" data-e-type=\"container\">\n\t\t\t\t\t<div class=\"e-con-inner\">\n\t\t\t\t<div class=\"elementor-element elementor-element-d2927f0 elementor-share-buttons--view-icon-text elementor-share-buttons--skin-gradient elementor-share-buttons--shape-square elementor-grid-0 elementor-share-buttons--color-official elementor-widget elementor-widget-share-buttons\" data-id=\"d2927f0\" data-element_type=\"widget\" data-e-type=\"widget\" data-widget_type=\"share-buttons.default\">\n\t\t\t\t<div class=\"elementor-widget-container\">\n\t\t\t\t\t\t\t<div class=\"elementor-grid\" role=\"list\">\n\t\t\t\t\t\t\t\t<div class=\"elementor-grid-item\" role=\"listitem\">\n\t\t\t\t\t\t<div class=\"elementor-share-btn elementor-share-btn_facebook\" role=\"button\" tabindex=\"0\" aria-label=\"Compartir en facebook\">\n\t\t\t\t\t\t\t\t\t\t\t\t\t\t\t<span class=\"elementor-share-btn__icon\">\n\t\t\t\t\t\t\t\t<i class=\"fab fa-facebook\" aria-hidden=\"true\"><\/i>\t\t\t\t\t\t\t<\/span>\n\t\t\t\t\t\t\t\t\t\t\t\t\t\t\t\t\t\t\t\t\t\t<div class=\"elementor-share-btn__text\">\n\t\t\t\t\t\t\t\t\t\t\t\t\t\t\t\t\t\t\t<span class=\"elementor-share-btn__title\">\n\t\t\t\t\t\t\t\t\t\tFacebook\t\t\t\t\t\t\t\t\t<\/span>\n\t\t\t\t\t\t\t\t\t\t\t\t\t\t\t\t\t<\/div>\n\t\t\t\t\t\t\t\t\t\t\t\t\t<\/div>\n\t\t\t\t\t<\/div>\n\t\t\t\t\t\t\t\t\t<div class=\"elementor-grid-item\" role=\"listitem\">\n\t\t\t\t\t\t<div class=\"elementor-share-btn elementor-share-btn_whatsapp\" role=\"button\" tabindex=\"0\" aria-label=\"Compartir en whatsapp\">\n\t\t\t\t\t\t\t\t\t\t\t\t\t\t\t<span class=\"elementor-share-btn__icon\">\n\t\t\t\t\t\t\t\t<i class=\"fab fa-whatsapp\" aria-hidden=\"true\"><\/i>\t\t\t\t\t\t\t<\/span>\n\t\t\t\t\t\t\t\t\t\t\t\t\t\t\t\t\t\t\t\t\t\t<div class=\"elementor-share-btn__text\">\n\t\t\t\t\t\t\t\t\t\t\t\t\t\t\t\t\t\t\t<span class=\"elementor-share-btn__title\">\n\t\t\t\t\t\t\t\t\t\tWhatsApp\t\t\t\t\t\t\t\t\t<\/span>\n\t\t\t\t\t\t\t\t\t\t\t\t\t\t\t\t\t<\/div>\n\t\t\t\t\t\t\t\t\t\t\t\t\t<\/div>\n\t\t\t\t\t<\/div>\n\t\t\t\t\t\t\t\t\t<div class=\"elementor-grid-item\" role=\"listitem\">\n\t\t\t\t\t\t<div class=\"elementor-share-btn elementor-share-btn_linkedin\" role=\"button\" tabindex=\"0\" aria-label=\"Compartir en linkedin\">\n\t\t\t\t\t\t\t\t\t\t\t\t\t\t\t<span class=\"elementor-share-btn__icon\">\n\t\t\t\t\t\t\t\t<i class=\"fab fa-linkedin\" aria-hidden=\"true\"><\/i>\t\t\t\t\t\t\t<\/span>\n\t\t\t\t\t\t\t\t\t\t\t\t\t\t\t\t\t\t\t\t\t\t<div class=\"elementor-share-btn__text\">\n\t\t\t\t\t\t\t\t\t\t\t\t\t\t\t\t\t\t\t<span class=\"elementor-share-btn__title\">\n\t\t\t\t\t\t\t\t\t\tLinkedIn\t\t\t\t\t\t\t\t\t<\/span>\n\t\t\t\t\t\t\t\t\t\t\t\t\t\t\t\t\t<\/div>\n\t\t\t\t\t\t\t\t\t\t\t\t\t<\/div>\n\t\t\t\t\t<\/div>\n\t\t\t\t\t\t<\/div>\n\t\t\t\t\t\t<\/div>\n\t\t\t\t<\/div>\n\t\t\t\t\t<\/div>\n\t\t\t\t<\/div>\n\t\t\t\t<\/div>","protected":false},"excerpt":{"rendered":"<p>Las empresas que cuidan tambi\u00e9n transforman. Y esa convicci\u00f3n es la que nos ha llevado desde Exitalia a dar uno de los pasos m\u00e1s bonitos de esta nueva etapa en nuestra estrategia de Responsabilidad Social Corporativa.\u00a0 Bajo la\u00a0coordinaci\u00f3n de nuestra compa\u00f1era\u00a0Paula Pastor, responsable del Departamento para las Personas y Transformaci\u00f3n,\u00a0hemos realizado una donaci\u00f3n de 1.000 [&hellip;]<\/p>\n","protected":false},"author":4,"featured_media":9277,"comment_status":"closed","ping_status":"open","sticky":false,"template":"","format":"standard","meta":{"footnotes":""},"categories":[17,16],"tags":[],"class_list":["post-8879","post","type-post","status-publish","format-standard","has-post-thumbnail","hentry","category-equipo-humano","category-novedades"],"_links":{"self":[{"href":"https:\/\/www.exitalia.com\/en\/wp-json\/wp\/v2\/posts\/8879","targetHints":{"allow":["GET"]}}],"collection":[{"href":"https:\/\/www.exitalia.com\/en\/wp-json\/wp\/v2\/posts"}],"about":[{"href":"https:\/\/www.exitalia.com\/en\/wp-json\/wp\/v2\/types\/post"}],"author":[{"embeddable":true,"href":"https:\/\/www.exitalia.com\/en\/wp-json\/wp\/v2\/users\/4"}],"replies":[{"embeddable":true,"href":"https:\/\/www.exitalia.com\/en\/wp-json\/wp\/v2\/comments?post=8879"}],"version-history":[{"count":15,"href":"https:\/\/www.exitalia.com\/en\/wp-json\/wp\/v2\/posts\/8879\/revisions"}],"predecessor-version":[{"id":9350,"href":"https:\/\/www.exitalia.com\/en\/wp-json\/wp\/v2\/posts\/8879\/revisions\/9350"}],"wp:featuredmedia":[{"embeddable":true,"href":"https:\/\/www.exitalia.com\/en\/wp-json\/wp\/v2\/media\/9277"}],"wp:attachment":[{"href":"https:\/\/www.exitalia.com\/en\/wp-json\/wp\/v2\/media?parent=8879"}],"wp:term":[{"taxonomy":"category","embeddable":true,"href":"https:\/\/www.exitalia.com\/en\/wp-json\/wp\/v2\/categories?post=8879"},{"taxonomy":"post_tag","embeddable":true,"href":"https:\/\/www.exitalia.com\/en\/wp-json\/wp\/v2\/tags?post=8879"}],"curies":[{"name":"wp","href":"https:\/\/api.w.org\/{rel}","templated":true}]}}